{"id":995601,"date":"2026-06-30T10:46:06","date_gmt":"2026-06-30T09:46:06","guid":{"rendered":"https:\/\/leuk.pt\/?p=995601"},"modified":"2026-08-03T13:42:13","modified_gmt":"2026-08-03T12:42:13","slug":"projeto-iluminacao-polo-saude-cascais","status":"publish","type":"post","link":"https:\/\/leuk.pt\/de\/projeto-iluminacao-polo-saude-cascais\/","title":{"rendered":"Polo de Sa\u00fade de Cascais"},"content":{"rendered":"","protected":false},"excerpt":{"rendered":"<p>Die Beleuchtung spielt eine grundlegende Rolle f\u00fcr das klinische Wohlbefinden. Bei diesem Projekt kombinierte LEUK durchgehende lineare Profile mit sanften runden Leuchten, um eine ruhige, sichere und blendfreie Umgebung zu schaffen, die den Sehkomfort f\u00fcr Patienten und medizinisches Fachpersonal optimiert.<\/p>","protected":false},"author":5,"featured_media":996289,"comment_status":"closed","ping_status":"open","sticky":false,"template":"","format":"standard","meta":{"_acf_changed":false,"footnotes":""},"categories":[54,63],"tags":[404,206,227,381,401,402,371,400,235,403,379,368,405,366,373],"class_list":["post-995601","post","type-post","status-publish","format-standard","has-post-thumbnail","hentry","category-projectos","category-saude-e-bem-estar","tag-ausencia-de-encandeamento","tag-conforto-visual","tag-eficiencia-energetica","tag-iluminacao-arquitetonica","tag-iluminacao-clinica","tag-iluminacao-hospitalar","tag-iluminacao-linear","tag-iluminacao-para-saude","tag-leuk","tag-luminarias-circulares","tag-luminarias-suspensas","tag-perfis-lineares-led","tag-polo-de-saude-de-cascais","tag-projeto-luminotecnico","tag-tecnologia-led"],"acf":[],"yoast_head":"<!-- This site is optimized with the Yoast SEO Premium plugin v28.3 (Yoast SEO v28.3) - https:\/\/yoast.com\/product\/yoast-seo-premium-wordpress\/ -->\n<title>Projeto de Ilumina\u00e7\u00e3o: Polo de Sa\u00fade de Cascais | LEUK<\/title>\n<meta name=\"description\" content=\"Descubra o projeto de ilumina\u00e7\u00e3o da LEUK para o Polo de Sa\u00fade de Cascais. Solu\u00e7\u00f5es LED suspensas, circulares e perfis cont\u00ednuos para o m\u00e1ximo conforto e efici\u00eancia.\" \/>\n<meta name=\"robots\" content=\"index, follow, max-snippet:-1, max-image-preview:large, max-video-preview:-1\" \/>\n<link rel=\"canonical\" href=\"https:\/\/leuk.pt\/de\/projeto-iluminacao-polo-saude-cascais\/\" \/>\n<meta property=\"og:locale\" content=\"de_DE\" \/>\n<meta property=\"og:type\" content=\"article\" \/>\n<meta property=\"og:title\" content=\"Polo de Sa\u00fade de Cascais Projectos - LEUK %\" \/>\n<meta property=\"og:description\" content=\"Descubra o projeto de ilumina\u00e7\u00e3o da LEUK para o Polo de Sa\u00fade de Cascais. Solu\u00e7\u00f5es LED suspensas, circulares e perfis cont\u00ednuos para o m\u00e1ximo conforto e efici\u00eancia.\" \/>\n<meta property=\"og:url\" content=\"https:\/\/leuk.pt\/de\/projeto-iluminacao-polo-saude-cascais\/\" \/>\n<meta property=\"og:site_name\" content=\"LEUK\" \/>\n<meta property=\"article:publisher\" content=\"https:\/\/www.facebook.com\/leuk.solutions\/\" \/>\n<meta property=\"article:published_time\" content=\"2026-06-30T09:46:06+00:00\" \/>\n<meta property=\"article:modified_time\" content=\"2026-08-03T12:42:13+00:00\" \/>\n<meta property=\"og:image\" content=\"https:\/\/leuk.pt\/wp-content\/uploads\/2026\/06\/IMG_1180.jpg?wsr\" \/>\n\t<meta property=\"og:image:width\" content=\"2048\" \/>\n\t<meta property=\"og:image:height\" content=\"1536\" \/>\n\t<meta property=\"og:image:type\" content=\"image\/jpeg\" \/>\n<meta name=\"author\" content=\"Ricardo Lopes\" \/>\n<meta name=\"twitter:card\" content=\"summary_large_image\" \/>\n<meta name=\"twitter:creator\" content=\"@LeukSolutions\" \/>\n<meta name=\"twitter:site\" content=\"@LeukSolutions\" \/>\n<meta name=\"twitter:label1\" content=\"Written by\" \/>\n\t<meta name=\"twitter:data1\" content=\"Ricardo Lopes\" \/>\n\t<meta name=\"twitter:label2\" content=\"Est. reading time\" \/>\n\t<meta name=\"twitter:data2\" content=\"4 minutes\" \/>\n<script type=\"application\/ld+json\" class=\"yoast-schema-graph\">{\"@context\":\"https:\\\/\\\/schema.org\",\"@graph\":[{\"@type\":\"Article\",\"@id\":\"https:\\\/\\\/leuk.pt\\\/projeto-iluminacao-polo-saude-cascais\\\/#article\",\"isPartOf\":{\"@id\":\"https:\\\/\\\/leuk.pt\\\/projeto-iluminacao-polo-saude-cascais\\\/\"},\"author\":{\"name\":\"Ricardo Lopes\",\"@id\":\"https:\\\/\\\/leuk.pt\\\/de\\\/#\\\/schema\\\/person\\\/bd120caa544026983e7b4ec7eeb967c9\"},\"headline\":\"Polo de Sa\u00fade de Cascais\",\"datePublished\":\"2026-06-30T09:46:06+00:00\",\"dateModified\":\"2026-08-03T12:42:13+00:00\",\"mainEntityOfPage\":{\"@id\":\"https:\\\/\\\/leuk.pt\\\/projeto-iluminacao-polo-saude-cascais\\\/\"},\"wordCount\":6,\"publisher\":{\"@id\":\"https:\\\/\\\/leuk.pt\\\/de\\\/#organization\"},\"image\":{\"@id\":\"https:\\\/\\\/leuk.pt\\\/projeto-iluminacao-polo-saude-cascais\\\/#primaryimage\"},\"thumbnailUrl\":\"https:\\\/\\\/leuk.pt\\\/wp-content\\\/uploads\\\/2026\\\/06\\\/IMG_1180.jpg?wsr\",\"keywords\":[\"aus\u00eancia de encandeamento\",\"conforto visual\",\"efici\u00eancia energ\u00e9tica\",\"ilumina\u00e7\u00e3o arquitet\u00f3nica\",\"ilumina\u00e7\u00e3o cl\u00ednica\",\"ilumina\u00e7\u00e3o hospitalar\",\"ilumina\u00e7\u00e3o linear\",\"ilumina\u00e7\u00e3o para sa\u00fade\",\"LEUK\",\"lumin\u00e1rias circulares\",\"lumin\u00e1rias suspensas\",\"perfis lineares LED\",\"Polo de Sa\u00fade de Cascais\",\"projeto luminot\u00e9cnico\",\"tecnologia LED\"],\"articleSection\":[\"Projectos\",\"Sa\u00fade e Bem-Estar\"],\"inLanguage\":\"de-DE\"},{\"@type\":\"WebPage\",\"@id\":\"https:\\\/\\\/leuk.pt\\\/projeto-iluminacao-polo-saude-cascais\\\/\",\"url\":\"https:\\\/\\\/leuk.pt\\\/projeto-iluminacao-polo-saude-cascais\\\/\",\"name\":\"Projeto de Ilumina\u00e7\u00e3o: Polo de Sa\u00fade de Cascais | LEUK\",\"isPartOf\":{\"@id\":\"https:\\\/\\\/leuk.pt\\\/de\\\/#website\"},\"primaryImageOfPage\":{\"@id\":\"https:\\\/\\\/leuk.pt\\\/projeto-iluminacao-polo-saude-cascais\\\/#primaryimage\"},\"image\":{\"@id\":\"https:\\\/\\\/leuk.pt\\\/projeto-iluminacao-polo-saude-cascais\\\/#primaryimage\"},\"thumbnailUrl\":\"https:\\\/\\\/leuk.pt\\\/wp-content\\\/uploads\\\/2026\\\/06\\\/IMG_1180.jpg?wsr\",\"datePublished\":\"2026-06-30T09:46:06+00:00\",\"dateModified\":\"2026-08-03T12:42:13+00:00\",\"description\":\"Descubra o projeto de ilumina\u00e7\u00e3o da LEUK para o Polo de Sa\u00fade de Cascais. Solu\u00e7\u00f5es LED suspensas, circulares e perfis cont\u00ednuos para o m\u00e1ximo conforto e efici\u00eancia.\",\"breadcrumb\":{\"@id\":\"https:\\\/\\\/leuk.pt\\\/projeto-iluminacao-polo-saude-cascais\\\/#breadcrumb\"},\"inLanguage\":\"de-DE\",\"potentialAction\":[{\"@type\":\"ReadAction\",\"target\":[\"https:\\\/\\\/leuk.pt\\\/projeto-iluminacao-polo-saude-cascais\\\/\"]}]},{\"@type\":\"ImageObject\",\"inLanguage\":\"de-DE\",\"@id\":\"https:\\\/\\\/leuk.pt\\\/projeto-iluminacao-polo-saude-cascais\\\/#primaryimage\",\"url\":\"https:\\\/\\\/leuk.pt\\\/wp-content\\\/uploads\\\/2026\\\/06\\\/IMG_1180.jpg?wsr\",\"contentUrl\":\"https:\\\/\\\/leuk.pt\\\/wp-content\\\/uploads\\\/2026\\\/06\\\/IMG_1180.jpg?wsr\",\"width\":2048,\"height\":1536},{\"@type\":\"BreadcrumbList\",\"@id\":\"https:\\\/\\\/leuk.pt\\\/projeto-iluminacao-polo-saude-cascais\\\/#breadcrumb\",\"itemListElement\":[{\"@type\":\"ListItem\",\"position\":1,\"name\":\"Home\",\"item\":\"https:\\\/\\\/leuk.pt\\\/\"},{\"@type\":\"ListItem\",\"position\":2,\"name\":\"Polo de Sa\u00fade de Cascais\"}]},{\"@type\":\"WebSite\",\"@id\":\"https:\\\/\\\/leuk.pt\\\/de\\\/#website\",\"url\":\"https:\\\/\\\/leuk.pt\\\/de\\\/\",\"name\":\"LEUK\",\"description\":\"Designer e Fabricante Europeu de Lumin\u00e1rias LED Arquitet\u00f3nicas e Comerciais\",\"publisher\":{\"@id\":\"https:\\\/\\\/leuk.pt\\\/de\\\/#organization\"},\"potentialAction\":[{\"@type\":\"SearchAction\",\"target\":{\"@type\":\"EntryPoint\",\"urlTemplate\":\"https:\\\/\\\/leuk.pt\\\/de\\\/?s={search_term_string}\"},\"query-input\":{\"@type\":\"PropertyValueSpecification\",\"valueRequired\":true,\"valueName\":\"search_term_string\"}}],\"inLanguage\":\"de-DE\"},{\"@type\":\"Organization\",\"@id\":\"https:\\\/\\\/leuk.pt\\\/de\\\/#organization\",\"name\":\"LEUK\",\"url\":\"https:\\\/\\\/leuk.pt\\\/de\\\/\",\"logo\":{\"@type\":\"ImageObject\",\"inLanguage\":\"de-DE\",\"@id\":\"https:\\\/\\\/leuk.pt\\\/de\\\/#\\\/schema\\\/logo\\\/image\\\/\",\"url\":\"https:\\\/\\\/leuk.pt\\\/wp-content\\\/uploads\\\/2026\\\/03\\\/leuk-logotipo-500-black.png\",\"contentUrl\":\"https:\\\/\\\/leuk.pt\\\/wp-content\\\/uploads\\\/2026\\\/03\\\/leuk-logotipo-500-black.png\",\"width\":500,\"height\":157,\"caption\":\"LEUK\"},\"image\":{\"@id\":\"https:\\\/\\\/leuk.pt\\\/de\\\/#\\\/schema\\\/logo\\\/image\\\/\"},\"sameAs\":[\"https:\\\/\\\/www.facebook.com\\\/leuk.solutions\\\/\",\"https:\\\/\\\/x.com\\\/LeukSolutions\",\"https:\\\/\\\/www.instagram.com\\\/leuksolutions\\\/\",\"https:\\\/\\\/www.linkedin.com\\\/company\\\/leuk\\\/\",\"https:\\\/\\\/www.threads.com\\\/@leuksolutions\"],\"email\":\"info@leuk.pt\",\"telephone\":\"+351 253 816 433\",\"legalName\":\"Leuk Solutions Unipessoal\",\"numberOfEmployees\":{\"@type\":\"QuantitativeValue\",\"minValue\":\"11\",\"maxValue\":\"50\"}},{\"@type\":\"Person\",\"@id\":\"https:\\\/\\\/leuk.pt\\\/de\\\/#\\\/schema\\\/person\\\/bd120caa544026983e7b4ec7eeb967c9\",\"name\":\"Ricardo Lopes\",\"url\":\"https:\\\/\\\/leuk.pt\\\/de\\\/author\\\/ricardo-lopes\\\/\"}]}<\/script>\n<!-- \/ Yoast SEO Premium plugin. -->","yoast_head_json":{"title":"Projeto de Ilumina\u00e7\u00e3o: Polo de Sa\u00fade de Cascais | LEUK","description":"Descubra o projeto de ilumina\u00e7\u00e3o da LEUK para o Polo de Sa\u00fade de Cascais. Solu\u00e7\u00f5es LED suspensas, circulares e perfis cont\u00ednuos para o m\u00e1ximo conforto e efici\u00eancia.","robots":{"index":"index","follow":"follow","max-snippet":"max-snippet:-1","max-image-preview":"max-image-preview:large","max-video-preview":"max-video-preview:-1"},"canonical":"https:\/\/leuk.pt\/de\/projeto-iluminacao-polo-saude-cascais\/","og_locale":"de_DE","og_type":"article","og_title":"Polo de Sa\u00fade de Cascais Projectos - LEUK %","og_description":"Descubra o projeto de ilumina\u00e7\u00e3o da LEUK para o Polo de Sa\u00fade de Cascais. Solu\u00e7\u00f5es LED suspensas, circulares e perfis cont\u00ednuos para o m\u00e1ximo conforto e efici\u00eancia.","og_url":"https:\/\/leuk.pt\/de\/projeto-iluminacao-polo-saude-cascais\/","og_site_name":"LEUK","article_publisher":"https:\/\/www.facebook.com\/leuk.solutions\/","article_published_time":"2026-06-30T09:46:06+00:00","article_modified_time":"2026-08-03T12:42:13+00:00","og_image":[{"width":2048,"height":1536,"url":"https:\/\/leuk.pt\/wp-content\/uploads\/2026\/06\/IMG_1180.jpg?wsr","type":"image\/jpeg"}],"author":"Ricardo Lopes","twitter_card":"summary_large_image","twitter_creator":"@LeukSolutions","twitter_site":"@LeukSolutions","twitter_misc":{"Written by":"Ricardo Lopes","Est. reading time":"4 minutes"},"schema":{"@context":"https:\/\/schema.org","@graph":[{"@type":"Article","@id":"https:\/\/leuk.pt\/projeto-iluminacao-polo-saude-cascais\/#article","isPartOf":{"@id":"https:\/\/leuk.pt\/projeto-iluminacao-polo-saude-cascais\/"},"author":{"name":"Ricardo Lopes","@id":"https:\/\/leuk.pt\/de\/#\/schema\/person\/bd120caa544026983e7b4ec7eeb967c9"},"headline":"Polo de Sa\u00fade de Cascais","datePublished":"2026-06-30T09:46:06+00:00","dateModified":"2026-08-03T12:42:13+00:00","mainEntityOfPage":{"@id":"https:\/\/leuk.pt\/projeto-iluminacao-polo-saude-cascais\/"},"wordCount":6,"publisher":{"@id":"https:\/\/leuk.pt\/de\/#organization"},"image":{"@id":"https:\/\/leuk.pt\/projeto-iluminacao-polo-saude-cascais\/#primaryimage"},"thumbnailUrl":"https:\/\/leuk.pt\/wp-content\/uploads\/2026\/06\/IMG_1180.jpg?wsr","keywords":["aus\u00eancia de encandeamento","conforto visual","efici\u00eancia energ\u00e9tica","ilumina\u00e7\u00e3o arquitet\u00f3nica","ilumina\u00e7\u00e3o cl\u00ednica","ilumina\u00e7\u00e3o hospitalar","ilumina\u00e7\u00e3o linear","ilumina\u00e7\u00e3o para sa\u00fade","LEUK","lumin\u00e1rias circulares","lumin\u00e1rias suspensas","perfis lineares LED","Polo de Sa\u00fade de Cascais","projeto luminot\u00e9cnico","tecnologia LED"],"articleSection":["Projectos","Sa\u00fade e Bem-Estar"],"inLanguage":"de-DE"},{"@type":"WebPage","@id":"https:\/\/leuk.pt\/projeto-iluminacao-polo-saude-cascais\/","url":"https:\/\/leuk.pt\/projeto-iluminacao-polo-saude-cascais\/","name":"Projeto de Ilumina\u00e7\u00e3o: Polo de Sa\u00fade de Cascais | LEUK","isPartOf":{"@id":"https:\/\/leuk.pt\/de\/#website"},"primaryImageOfPage":{"@id":"https:\/\/leuk.pt\/projeto-iluminacao-polo-saude-cascais\/#primaryimage"},"image":{"@id":"https:\/\/leuk.pt\/projeto-iluminacao-polo-saude-cascais\/#primaryimage"},"thumbnailUrl":"https:\/\/leuk.pt\/wp-content\/uploads\/2026\/06\/IMG_1180.jpg?wsr","datePublished":"2026-06-30T09:46:06+00:00","dateModified":"2026-08-03T12:42:13+00:00","description":"Descubra o projeto de ilumina\u00e7\u00e3o da LEUK para o Polo de Sa\u00fade de Cascais. Solu\u00e7\u00f5es LED suspensas, circulares e perfis cont\u00ednuos para o m\u00e1ximo conforto e efici\u00eancia.","breadcrumb":{"@id":"https:\/\/leuk.pt\/projeto-iluminacao-polo-saude-cascais\/#breadcrumb"},"inLanguage":"de-DE","potentialAction":[{"@type":"ReadAction","target":["https:\/\/leuk.pt\/projeto-iluminacao-polo-saude-cascais\/"]}]},{"@type":"ImageObject","inLanguage":"de-DE","@id":"https:\/\/leuk.pt\/projeto-iluminacao-polo-saude-cascais\/#primaryimage","url":"https:\/\/leuk.pt\/wp-content\/uploads\/2026\/06\/IMG_1180.jpg?wsr","contentUrl":"https:\/\/leuk.pt\/wp-content\/uploads\/2026\/06\/IMG_1180.jpg?wsr","width":2048,"height":1536},{"@type":"BreadcrumbList","@id":"https:\/\/leuk.pt\/projeto-iluminacao-polo-saude-cascais\/#breadcrumb","itemListElement":[{"@type":"ListItem","position":1,"name":"Home","item":"https:\/\/leuk.pt\/"},{"@type":"ListItem","position":2,"name":"Polo de Sa\u00fade de Cascais"}]},{"@type":"WebSite","@id":"https:\/\/leuk.pt\/de\/#website","url":"https:\/\/leuk.pt\/de\/","name":"LEUK","description":"Designer e Fabricante Europeu de Lumin\u00e1rias LED Arquitet\u00f3nicas e Comerciais","publisher":{"@id":"https:\/\/leuk.pt\/de\/#organization"},"potentialAction":[{"@type":"SearchAction","target":{"@type":"EntryPoint","urlTemplate":"https:\/\/leuk.pt\/de\/?s={search_term_string}"},"query-input":{"@type":"PropertyValueSpecification","valueRequired":true,"valueName":"search_term_string"}}],"inLanguage":"de-DE"},{"@type":"Organization","@id":"https:\/\/leuk.pt\/de\/#organization","name":"LEUK","url":"https:\/\/leuk.pt\/de\/","logo":{"@type":"ImageObject","inLanguage":"de-DE","@id":"https:\/\/leuk.pt\/de\/#\/schema\/logo\/image\/","url":"https:\/\/leuk.pt\/wp-content\/uploads\/2026\/03\/leuk-logotipo-500-black.png","contentUrl":"https:\/\/leuk.pt\/wp-content\/uploads\/2026\/03\/leuk-logotipo-500-black.png","width":500,"height":157,"caption":"LEUK"},"image":{"@id":"https:\/\/leuk.pt\/de\/#\/schema\/logo\/image\/"},"sameAs":["https:\/\/www.facebook.com\/leuk.solutions\/","https:\/\/x.com\/LeukSolutions","https:\/\/www.instagram.com\/leuksolutions\/","https:\/\/www.linkedin.com\/company\/leuk\/","https:\/\/www.threads.com\/@leuksolutions"],"email":"info@leuk.pt","telephone":"+351 253 816 433","legalName":"Leuk Solutions Unipessoal","numberOfEmployees":{"@type":"QuantitativeValue","minValue":"11","maxValue":"50"}},{"@type":"Person","@id":"https:\/\/leuk.pt\/de\/#\/schema\/person\/bd120caa544026983e7b4ec7eeb967c9","name":"Ricardo Lopes","url":"https:\/\/leuk.pt\/de\/author\/ricardo-lopes\/"}]}},"_links":{"self":[{"href":"https:\/\/leuk.pt\/de\/wp-json\/wp\/v2\/posts\/995601","targetHints":{"allow":["GET"]}}],"collection":[{"href":"https:\/\/leuk.pt\/de\/wp-json\/wp\/v2\/posts"}],"about":[{"href":"https:\/\/leuk.pt\/de\/wp-json\/wp\/v2\/types\/post"}],"author":[{"embeddable":true,"href":"https:\/\/leuk.pt\/de\/wp-json\/wp\/v2\/users\/5"}],"replies":[{"embeddable":true,"href":"https:\/\/leuk.pt\/de\/wp-json\/wp\/v2\/comments?post=995601"}],"version-history":[{"count":0,"href":"https:\/\/leuk.pt\/de\/wp-json\/wp\/v2\/posts\/995601\/revisions"}],"wp:featuredmedia":[{"embeddable":true,"href":"https:\/\/leuk.pt\/de\/wp-json\/wp\/v2\/media\/996289"}],"wp:attachment":[{"href":"https:\/\/leuk.pt\/de\/wp-json\/wp\/v2\/media?parent=995601"}],"wp:term":[{"taxonomy":"category","embeddable":true,"href":"https:\/\/leuk.pt\/de\/wp-json\/wp\/v2\/categories?post=995601"},{"taxonomy":"post_tag","embeddable":true,"href":"https:\/\/leuk.pt\/de\/wp-json\/wp\/v2\/tags?post=995601"}],"curies":[{"name":"wp","href":"https:\/\/api.w.org\/{rel}","templated":true}]}}