{"id":993741,"date":"2024-11-12T08:40:00","date_gmt":"2024-11-12T08:40:00","guid":{"rendered":"https:\/\/leuk.pt\/?p=993741"},"modified":"2026-07-21T11:23:44","modified_gmt":"2026-07-21T10:23:44","slug":"leuk-eletrica-2024","status":"publish","type":"post","link":"https:\/\/leuk.pt\/de\/leuk-eletrica-2024\/","title":{"rendered":"LEUK nimmt an der ELETRICA 2024 teil und bekr\u00e4ftigt sein Engagement f\u00fcr Nachhaltigkeit in der Beleuchtung"},"content":{"rendered":"<p class=\"wp-block-paragraph translation-block\"><strong>LEUK<\/strong>, ein f\u00fchrendes Unternehmen in der Herstellung von <strong>LED-Beleuchtungsl\u00f6sungen<\/strong>, wird auf der <strong>ELETRICA 2024<\/strong> vertreten sein, der gr\u00f6\u00dften nationalen Veranstaltung f\u00fcr die Bereiche Energie, Mobilit\u00e4t, Elektronik und Elektromaterial. Die Messe findet vom <strong>20. bis 23. November<\/strong> im <strong>Exponor<\/strong> statt und konzentriert sich in diesem Jahr auf das Thema <strong>\u201eDekarbonisierung von Architektur und Ingenieurwesen\u201d<\/strong> mit Schwerpunkt auf nachhaltigen Praktiken und L\u00f6sungen f\u00fcr die Bauindustrie.<\/p>\n\n\n\n<h2 id=\"h-a-importancia-da-eletrica-para-o-setor-da-iluminacao\" class=\"wp-block-heading\"><strong>Die Bedeutung von ELETRICA f\u00fcr die Beleuchtungsbranche<\/strong><\/h2>\n\n\n\n<p class=\"wp-block-paragraph translation-block\">Die ELETRICA bringt Hersteller, Planer und Fachleute zusammen, die sich den aktuellen Herausforderungen stellen wollen: Senkung des Verbrauchs, Verbesserung der Energieeffizienz und Beschleunigung des \u00dcbergangs zu nachhaltigeren Modellen. F\u00fcr LEUK ist diese Pr\u00e4senz auch eine Gelegenheit, L\u00f6sungen f\u00fcr anspruchsvolle Projekte vorzustellen, bei denen die Beleuchtung ein Gleichgewicht zwischen <strong>Effizienz<\/strong>, <strong>Lichtqualit\u00e4t<\/strong>, <strong>Langlebigkeit<\/strong> und <strong>\u00e4sthetischer Integration<\/strong> finden muss.<\/p>\n\n\n\n<h2 id=\"h-solucoes-led-com-foco-em-eficiencia-e-qualidade\" class=\"wp-block-heading\"><strong>LED-L\u00f6sungen mit Fokus auf Effizienz und Qualit\u00e4t<\/strong><\/h2>\n\n\n\n<p class=\"wp-block-paragraph translation-block\">LEUK ist bekannt f\u00fcr sein Engagement f\u00fcr <strong>Effizienz<\/strong>, <strong>Design<\/strong>, <strong>Qualit\u00e4t<\/strong> und <strong>Innovation<\/strong> und wird ELETRICA seine neuesten L\u00f6sungen f\u00fcr <strong>LED-Beleuchtung<\/strong> vorstellen, die mit <strong>zertifizierten Komponenten<\/strong> und <strong>ausschlie\u00dflich aus Europa stammenden<\/strong> Materialien entwickelt wurden. Dieses Engagement unterstreicht die Mission der Marke: Produkte zu entwickeln, die den tats\u00e4chlichen Anforderungen des professionellen Marktes entsprechen und gleichzeitig hohe Standards in Bezug auf Leistung und Zuverl\u00e4ssigkeit erf\u00fcllen.<\/p>\n\n\n\n<h2 id=\"h-iluminacao-e-descarbonizacao-um-contributo-direto\" class=\"wp-block-heading\"><strong>Beleuchtung und Dekarbonisierung: ein direkter Beitrag<\/strong><\/h2>\n\n\n\n<p class=\"wp-block-paragraph translation-block\">Die Energiewende erfolgt durch konkrete Entscheidungen \u2013 und die Beleuchtung ist einer der Bereiche, die sich unmittelbar auf die Senkung des Stromverbrauchs in Geb\u00e4uden auswirken. Durch Investitionen in LED-Technologie und effizienzorientierte L\u00f6sungen m\u00f6chte LEUK zur <strong>Dekarbonisierung von Geb\u00e4uden<\/strong> beitragen und Projekte unterst\u00fctzen, die aus \u00f6kologischer Sicht verantwortungsbewusster und \u00fcber ihren gesamten Lebenszyklus hinweg effizienter sind.<\/p>\n\n\n\n<p class=\"wp-block-paragraph\">\u201cA nossa presen\u00e7a na <a href=\"https:\/\/exponor.pt\/eletrica\/\" data-type=\"link\" data-id=\"https:\/\/exponor.pt\/eletrica\/\" target=\"_blank\" rel=\"noreferrer noopener\">ELETRICA<\/a> refor\u00e7a o nosso compromisso com um futuro mais sustent\u00e1vel, onde a ilumina\u00e7\u00e3o LED desempenha um papel fundamental na descarboniza\u00e7\u00e3o dos espa\u00e7os de constru\u00e7\u00e3o\u201d, sublinha a equipa de Marketing da LEUK.<\/p>\n\n\n\n<h2 id=\"h-um-ponto-de-encontro-para-profissionais-e-novas-parcerias\" class=\"wp-block-heading\"><strong>Ein Treffpunkt f\u00fcr Fachleute und neue Partnerschaften<\/strong><\/h2>\n\n\n\n<p class=\"wp-block-paragraph translation-block\">W\u00e4hrend der Veranstaltung k\u00f6nnen Fachleute aus Bereichen wie <strong>Ingenieurwesen<\/strong>, <strong>Installation<\/strong>, <strong>Beratung<\/strong> und <strong>Management<\/strong> sich \u00fcber Trends, L\u00f6sungen und M\u00f6glichkeiten der Zusammenarbeit informieren. F\u00fcr diejenigen, die mit technischen Projekten und Spezifikationen arbeiten, sind Messen wie die ELETRICA ein privilegierter Ort, um Ans\u00e4tze zu vergleichen, Anforderungen zu kl\u00e4ren und die Entwicklung der Branche zu verfolgen.<\/p>\n\n\n\n<h2 id=\"h-eletrica-e-concreta-conhecimento-e-negocio-no-mesmo-momento\" class=\"wp-block-heading\"><strong>ELETRICA und Concreta: Wissen und Gesch\u00e4ft gleichzeitig<\/strong><\/h2>\n\n\n\n<p class=\"wp-block-paragraph translation-block\">Zeitgleich mit der ELETRICA findet auch die <strong>Concreta<\/strong> statt, die sich den Bereichen <strong>Architektur, Bauwesen, Design und Ingenieurwesen<\/strong> widmet. Diese N\u00e4he macht diesen Zeitraum besonders relevant f\u00fcr diejenigen, die Energieeffizienz, technische L\u00f6sungen und Projektvisionen in Einklang bringen m\u00f6chten \u2013 und schafft ideale Bedingungen f\u00fcr den Wissensaustausch, das Networking und die St\u00e4rkung von Gesch\u00e4ften.<\/p>\n\n\n\n<h2 id=\"h-visite-a-leuk-na-eletrica-2024\" class=\"wp-block-heading\"><strong>Besuchen Sie LEUK auf der ELETRICA 2024<\/strong><\/h2>\n\n\n\n<p class=\"wp-block-paragraph\">A LEUK convida todos os profissionais do setor a visitarem o seu espa\u00e7o na <a href=\"https:\/\/exponor.pt\/eletrica\/\" data-type=\"link\" data-id=\"https:\/\/exponor.pt\/eletrica\/\" target=\"_blank\" rel=\"noreferrer noopener\">ELETRICA<\/a> e a conhecerem de perto solu\u00e7\u00f5es que promovem uma ilumina\u00e7\u00e3o mais eficiente, duradoura e sustent\u00e1vel. Se trabalha com projetos de ilumina\u00e7\u00e3o, especifica\u00e7\u00e3o, instala\u00e7\u00e3o ou gest\u00e3o de edif\u00edcios, este \u00e9 o momento certo para explorar op\u00e7\u00f5es alinhadas com as exig\u00eancias atuais do mercado.<\/p>\n\n\n\n<p class=\"wp-block-paragraph\"><\/p>","protected":false},"excerpt":{"rendered":"<p>LEUK wird vom 20. bis 23. November auf der ELETRICA 2024 in der Exponor vertreten sein, um sein Engagement f\u00fcr Nachhaltigkeit und Energieeffizienz in der Beleuchtungsindustrie zu unterstreichen. Auf der Veranstaltung wird die Marke LED-Beleuchtungsl\u00f6sungen mit zertifizierten Komponenten europ\u00e4ischer Herkunft vorstellen, die auf die Dekarbonisierung im Bauwesen ausgerichtet sind.<\/p>","protected":false},"author":5,"featured_media":987930,"comment_status":"closed","ping_status":"open","sticky":false,"template":"","format":"standard","meta":{"_acf_changed":false,"footnotes":""},"categories":[187],"tags":[262,258,263,351,227,257,260,232,209,261,350,265,259],"class_list":["post-993741","post","type-post","status-publish","format-standard","has-post-thumbnail","hentry","category-noticias","tag-arquitetura-e-engenharia","tag-construcao-sustentavel","tag-descarbonizacao","tag-eficiencia","tag-eficiencia-energetica","tag-eletrica","tag-exponor","tag-iluminacao","tag-iluminacao-led","tag-industria-da-iluminacao","tag-solucoes","tag-solucoes-profissionais","tag-sustentabilidade"],"acf":[],"yoast_head":"<!-- This site is optimized with the Yoast SEO Premium plugin v28.3 (Yoast SEO v28.4) - https:\/\/yoast.com\/product\/yoast-seo-premium-wordpress\/ -->\n<title>LEUK na ELETRICA 2024: Sustentabilidade e Ilumina\u00e7\u00e3o LED<\/title>\n<meta name=\"description\" content=\"Visite a LEUK na ELETRICA 2024, na Exponor (20-23 nov). Descubra as nossas solu\u00e7\u00f5es de ilumina\u00e7\u00e3o LED focadas na sustentabilidade e efici\u00eancia energ\u00e9tica.\" \/>\n<meta name=\"robots\" content=\"index, follow, max-snippet:-1, max-image-preview:large, max-video-preview:-1\" \/>\n<link rel=\"canonical\" href=\"https:\/\/leuk.pt\/de\/leuk-eletrica-2024\/\" \/>\n<meta property=\"og:locale\" content=\"de_DE\" \/>\n<meta property=\"og:type\" content=\"article\" \/>\n<meta property=\"og:title\" content=\"LEUK participa na ELETRICA 2024 e refor\u00e7a compromisso com a sustentabilidade na ilumina\u00e7\u00e3o Not\u00edcias - LEUK %\" \/>\n<meta property=\"og:description\" content=\"Visite a LEUK na ELETRICA 2024, na Exponor (20-23 nov). Descubra as nossas solu\u00e7\u00f5es de ilumina\u00e7\u00e3o LED focadas na sustentabilidade e efici\u00eancia energ\u00e9tica.\" \/>\n<meta property=\"og:url\" content=\"https:\/\/leuk.pt\/de\/leuk-eletrica-2024\/\" \/>\n<meta property=\"og:site_name\" content=\"LEUK\" \/>\n<meta property=\"article:publisher\" content=\"https:\/\/www.facebook.com\/leuk.solutions\/\" \/>\n<meta property=\"article:published_time\" content=\"2024-11-12T08:40:00+00:00\" \/>\n<meta property=\"article:modified_time\" content=\"2026-07-21T10:23:44+00:00\" \/>\n<meta property=\"og:image\" content=\"https:\/\/leuk.pt\/wp-content\/uploads\/2025\/05\/Imagem-WhatsApp-2024-11-21-as-11.30.14_136de931.jpg?wsr\" \/>\n\t<meta property=\"og:image:width\" content=\"1600\" \/>\n\t<meta property=\"og:image:height\" content=\"1200\" \/>\n\t<meta property=\"og:image:type\" content=\"image\/jpeg\" \/>\n<meta name=\"author\" content=\"Ricardo Lopes\" \/>\n<meta name=\"twitter:card\" content=\"summary_large_image\" \/>\n<meta name=\"twitter:creator\" content=\"@LeukSolutions\" \/>\n<meta name=\"twitter:site\" content=\"@LeukSolutions\" \/>\n<meta name=\"twitter:label1\" content=\"Written by\" \/>\n\t<meta name=\"twitter:data1\" content=\"Ricardo Lopes\" \/>\n\t<meta name=\"twitter:label2\" content=\"Est. reading time\" \/>\n\t<meta name=\"twitter:data2\" content=\"5 minutes\" \/>\n<script type=\"application\/ld+json\" class=\"yoast-schema-graph\">{\"@context\":\"https:\\\/\\\/schema.org\",\"@graph\":[{\"@type\":\"Article\",\"@id\":\"https:\\\/\\\/leuk.pt\\\/leuk-eletrica-2024\\\/#article\",\"isPartOf\":{\"@id\":\"https:\\\/\\\/leuk.pt\\\/leuk-eletrica-2024\\\/\"},\"author\":{\"name\":\"Ricardo Lopes\",\"@id\":\"https:\\\/\\\/leuk.pt\\\/de\\\/#\\\/schema\\\/person\\\/bd120caa544026983e7b4ec7eeb967c9\"},\"headline\":\"LEUK participa na ELETRICA 2024 e refor\u00e7a compromisso com a sustentabilidade na ilumina\u00e7\u00e3o\",\"datePublished\":\"2024-11-12T08:40:00+00:00\",\"dateModified\":\"2026-07-21T10:23:44+00:00\",\"mainEntityOfPage\":{\"@id\":\"https:\\\/\\\/leuk.pt\\\/leuk-eletrica-2024\\\/\"},\"wordCount\":579,\"publisher\":{\"@id\":\"https:\\\/\\\/leuk.pt\\\/de\\\/#organization\"},\"image\":{\"@id\":\"https:\\\/\\\/leuk.pt\\\/leuk-eletrica-2024\\\/#primaryimage\"},\"thumbnailUrl\":\"https:\\\/\\\/leuk.pt\\\/wp-content\\\/uploads\\\/2025\\\/05\\\/Imagem-WhatsApp-2024-11-21-as-11.30.14_136de931.jpg?wsr\",\"keywords\":[\"arquitetura e engenharia\",\"constru\u00e7\u00e3o sustent\u00e1vel\",\"descarboniza\u00e7\u00e3o\",\"efici\u00eancia\",\"efici\u00eancia energ\u00e9tica\",\"ELETRICA\",\"Exponor\",\"ilumina\u00e7\u00e3o\",\"ilumina\u00e7\u00e3o LED\",\"ind\u00fastria da ilumina\u00e7\u00e3o\",\"solu\u00e7\u00f5es\",\"solu\u00e7\u00f5es profissionais\",\"sustentabilidade\"],\"articleSection\":[\"Not\u00edcias\"],\"inLanguage\":\"de-DE\"},{\"@type\":\"WebPage\",\"@id\":\"https:\\\/\\\/leuk.pt\\\/leuk-eletrica-2024\\\/\",\"url\":\"https:\\\/\\\/leuk.pt\\\/leuk-eletrica-2024\\\/\",\"name\":\"LEUK na ELETRICA 2024: Sustentabilidade e Ilumina\u00e7\u00e3o LED\",\"isPartOf\":{\"@id\":\"https:\\\/\\\/leuk.pt\\\/de\\\/#website\"},\"primaryImageOfPage\":{\"@id\":\"https:\\\/\\\/leuk.pt\\\/leuk-eletrica-2024\\\/#primaryimage\"},\"image\":{\"@id\":\"https:\\\/\\\/leuk.pt\\\/leuk-eletrica-2024\\\/#primaryimage\"},\"thumbnailUrl\":\"https:\\\/\\\/leuk.pt\\\/wp-content\\\/uploads\\\/2025\\\/05\\\/Imagem-WhatsApp-2024-11-21-as-11.30.14_136de931.jpg?wsr\",\"datePublished\":\"2024-11-12T08:40:00+00:00\",\"dateModified\":\"2026-07-21T10:23:44+00:00\",\"description\":\"Visite a LEUK na ELETRICA 2024, na Exponor (20-23 nov). Descubra as nossas solu\u00e7\u00f5es de ilumina\u00e7\u00e3o LED focadas na sustentabilidade e efici\u00eancia energ\u00e9tica.\",\"breadcrumb\":{\"@id\":\"https:\\\/\\\/leuk.pt\\\/leuk-eletrica-2024\\\/#breadcrumb\"},\"inLanguage\":\"de-DE\",\"potentialAction\":[{\"@type\":\"ReadAction\",\"target\":[\"https:\\\/\\\/leuk.pt\\\/leuk-eletrica-2024\\\/\"]}]},{\"@type\":\"ImageObject\",\"inLanguage\":\"de-DE\",\"@id\":\"https:\\\/\\\/leuk.pt\\\/leuk-eletrica-2024\\\/#primaryimage\",\"url\":\"https:\\\/\\\/leuk.pt\\\/wp-content\\\/uploads\\\/2025\\\/05\\\/Imagem-WhatsApp-2024-11-21-as-11.30.14_136de931.jpg?wsr\",\"contentUrl\":\"https:\\\/\\\/leuk.pt\\\/wp-content\\\/uploads\\\/2025\\\/05\\\/Imagem-WhatsApp-2024-11-21-as-11.30.14_136de931.jpg?wsr\",\"width\":1600,\"height\":1200,\"caption\":\"Stand da LEUK na feira ELETRICA 2024 na Exponor\"},{\"@type\":\"BreadcrumbList\",\"@id\":\"https:\\\/\\\/leuk.pt\\\/leuk-eletrica-2024\\\/#breadcrumb\",\"itemListElement\":[{\"@type\":\"ListItem\",\"position\":1,\"name\":\"Home\",\"item\":\"https:\\\/\\\/leuk.pt\\\/\"},{\"@type\":\"ListItem\",\"position\":2,\"name\":\"LEUK participa na ELETRICA 2024 e refor\u00e7a compromisso com a sustentabilidade na ilumina\u00e7\u00e3o\"}]},{\"@type\":\"WebSite\",\"@id\":\"https:\\\/\\\/leuk.pt\\\/de\\\/#website\",\"url\":\"https:\\\/\\\/leuk.pt\\\/de\\\/\",\"name\":\"LEUK\",\"description\":\"Designer e Fabricante Europeu de Lumin\u00e1rias LED Arquitet\u00f3nicas e Comerciais\",\"publisher\":{\"@id\":\"https:\\\/\\\/leuk.pt\\\/de\\\/#organization\"},\"potentialAction\":[{\"@type\":\"SearchAction\",\"target\":{\"@type\":\"EntryPoint\",\"urlTemplate\":\"https:\\\/\\\/leuk.pt\\\/de\\\/?s={search_term_string}\"},\"query-input\":{\"@type\":\"PropertyValueSpecification\",\"valueRequired\":true,\"valueName\":\"search_term_string\"}}],\"inLanguage\":\"de-DE\"},{\"@type\":\"Organization\",\"@id\":\"https:\\\/\\\/leuk.pt\\\/de\\\/#organization\",\"name\":\"LEUK\",\"url\":\"https:\\\/\\\/leuk.pt\\\/de\\\/\",\"logo\":{\"@type\":\"ImageObject\",\"inLanguage\":\"de-DE\",\"@id\":\"https:\\\/\\\/leuk.pt\\\/de\\\/#\\\/schema\\\/logo\\\/image\\\/\",\"url\":\"https:\\\/\\\/leuk.pt\\\/wp-content\\\/uploads\\\/2026\\\/03\\\/leuk-logotipo-500-black.png\",\"contentUrl\":\"https:\\\/\\\/leuk.pt\\\/wp-content\\\/uploads\\\/2026\\\/03\\\/leuk-logotipo-500-black.png\",\"width\":500,\"height\":157,\"caption\":\"LEUK\"},\"image\":{\"@id\":\"https:\\\/\\\/leuk.pt\\\/de\\\/#\\\/schema\\\/logo\\\/image\\\/\"},\"sameAs\":[\"https:\\\/\\\/www.facebook.com\\\/leuk.solutions\\\/\",\"https:\\\/\\\/x.com\\\/LeukSolutions\",\"https:\\\/\\\/www.instagram.com\\\/leuksolutions\\\/\",\"https:\\\/\\\/www.linkedin.com\\\/company\\\/leuk\\\/\",\"https:\\\/\\\/www.threads.com\\\/@leuksolutions\"],\"email\":\"info@leuk.pt\",\"telephone\":\"+351 253 816 433\",\"legalName\":\"Leuk Solutions Unipessoal\",\"numberOfEmployees\":{\"@type\":\"QuantitativeValue\",\"minValue\":\"11\",\"maxValue\":\"50\"}},{\"@type\":\"Person\",\"@id\":\"https:\\\/\\\/leuk.pt\\\/de\\\/#\\\/schema\\\/person\\\/bd120caa544026983e7b4ec7eeb967c9\",\"name\":\"Ricardo Lopes\",\"url\":\"https:\\\/\\\/leuk.pt\\\/de\\\/author\\\/ricardo-lopes\\\/\"}]}<\/script>\n<!-- \/ Yoast SEO Premium plugin. -->","yoast_head_json":{"title":"LEUK na ELETRICA 2024: Sustentabilidade e Ilumina\u00e7\u00e3o LED","description":"Visite a LEUK na ELETRICA 2024, na Exponor (20-23 nov). Descubra as nossas solu\u00e7\u00f5es de ilumina\u00e7\u00e3o LED focadas na sustentabilidade e efici\u00eancia energ\u00e9tica.","robots":{"index":"index","follow":"follow","max-snippet":"max-snippet:-1","max-image-preview":"max-image-preview:large","max-video-preview":"max-video-preview:-1"},"canonical":"https:\/\/leuk.pt\/de\/leuk-eletrica-2024\/","og_locale":"de_DE","og_type":"article","og_title":"LEUK participa na ELETRICA 2024 e refor\u00e7a compromisso com a sustentabilidade na ilumina\u00e7\u00e3o Not\u00edcias - LEUK %","og_description":"Visite a LEUK na ELETRICA 2024, na Exponor (20-23 nov). Descubra as nossas solu\u00e7\u00f5es de ilumina\u00e7\u00e3o LED focadas na sustentabilidade e efici\u00eancia energ\u00e9tica.","og_url":"https:\/\/leuk.pt\/de\/leuk-eletrica-2024\/","og_site_name":"LEUK","article_publisher":"https:\/\/www.facebook.com\/leuk.solutions\/","article_published_time":"2024-11-12T08:40:00+00:00","article_modified_time":"2026-07-21T10:23:44+00:00","og_image":[{"width":1600,"height":1200,"url":"https:\/\/leuk.pt\/wp-content\/uploads\/2025\/05\/Imagem-WhatsApp-2024-11-21-as-11.30.14_136de931.jpg?wsr","type":"image\/jpeg"}],"author":"Ricardo Lopes","twitter_card":"summary_large_image","twitter_creator":"@LeukSolutions","twitter_site":"@LeukSolutions","twitter_misc":{"Written by":"Ricardo Lopes","Est. reading time":"5 minutes"},"schema":{"@context":"https:\/\/schema.org","@graph":[{"@type":"Article","@id":"https:\/\/leuk.pt\/leuk-eletrica-2024\/#article","isPartOf":{"@id":"https:\/\/leuk.pt\/leuk-eletrica-2024\/"},"author":{"name":"Ricardo Lopes","@id":"https:\/\/leuk.pt\/de\/#\/schema\/person\/bd120caa544026983e7b4ec7eeb967c9"},"headline":"LEUK participa na ELETRICA 2024 e refor\u00e7a compromisso com a sustentabilidade na ilumina\u00e7\u00e3o","datePublished":"2024-11-12T08:40:00+00:00","dateModified":"2026-07-21T10:23:44+00:00","mainEntityOfPage":{"@id":"https:\/\/leuk.pt\/leuk-eletrica-2024\/"},"wordCount":579,"publisher":{"@id":"https:\/\/leuk.pt\/de\/#organization"},"image":{"@id":"https:\/\/leuk.pt\/leuk-eletrica-2024\/#primaryimage"},"thumbnailUrl":"https:\/\/leuk.pt\/wp-content\/uploads\/2025\/05\/Imagem-WhatsApp-2024-11-21-as-11.30.14_136de931.jpg?wsr","keywords":["arquitetura e engenharia","constru\u00e7\u00e3o sustent\u00e1vel","descarboniza\u00e7\u00e3o","efici\u00eancia","efici\u00eancia energ\u00e9tica","ELETRICA","Exponor","ilumina\u00e7\u00e3o","ilumina\u00e7\u00e3o LED","ind\u00fastria da ilumina\u00e7\u00e3o","solu\u00e7\u00f5es","solu\u00e7\u00f5es profissionais","sustentabilidade"],"articleSection":["Not\u00edcias"],"inLanguage":"de-DE"},{"@type":"WebPage","@id":"https:\/\/leuk.pt\/leuk-eletrica-2024\/","url":"https:\/\/leuk.pt\/leuk-eletrica-2024\/","name":"LEUK na ELETRICA 2024: Sustentabilidade e Ilumina\u00e7\u00e3o LED","isPartOf":{"@id":"https:\/\/leuk.pt\/de\/#website"},"primaryImageOfPage":{"@id":"https:\/\/leuk.pt\/leuk-eletrica-2024\/#primaryimage"},"image":{"@id":"https:\/\/leuk.pt\/leuk-eletrica-2024\/#primaryimage"},"thumbnailUrl":"https:\/\/leuk.pt\/wp-content\/uploads\/2025\/05\/Imagem-WhatsApp-2024-11-21-as-11.30.14_136de931.jpg?wsr","datePublished":"2024-11-12T08:40:00+00:00","dateModified":"2026-07-21T10:23:44+00:00","description":"Visite a LEUK na ELETRICA 2024, na Exponor (20-23 nov). Descubra as nossas solu\u00e7\u00f5es de ilumina\u00e7\u00e3o LED focadas na sustentabilidade e efici\u00eancia energ\u00e9tica.","breadcrumb":{"@id":"https:\/\/leuk.pt\/leuk-eletrica-2024\/#breadcrumb"},"inLanguage":"de-DE","potentialAction":[{"@type":"ReadAction","target":["https:\/\/leuk.pt\/leuk-eletrica-2024\/"]}]},{"@type":"ImageObject","inLanguage":"de-DE","@id":"https:\/\/leuk.pt\/leuk-eletrica-2024\/#primaryimage","url":"https:\/\/leuk.pt\/wp-content\/uploads\/2025\/05\/Imagem-WhatsApp-2024-11-21-as-11.30.14_136de931.jpg?wsr","contentUrl":"https:\/\/leuk.pt\/wp-content\/uploads\/2025\/05\/Imagem-WhatsApp-2024-11-21-as-11.30.14_136de931.jpg?wsr","width":1600,"height":1200,"caption":"Stand da LEUK na feira ELETRICA 2024 na Exponor"},{"@type":"BreadcrumbList","@id":"https:\/\/leuk.pt\/leuk-eletrica-2024\/#breadcrumb","itemListElement":[{"@type":"ListItem","position":1,"name":"Home","item":"https:\/\/leuk.pt\/"},{"@type":"ListItem","position":2,"name":"LEUK participa na ELETRICA 2024 e refor\u00e7a compromisso com a sustentabilidade na ilumina\u00e7\u00e3o"}]},{"@type":"WebSite","@id":"https:\/\/leuk.pt\/de\/#website","url":"https:\/\/leuk.pt\/de\/","name":"LEUK","description":"Designer e Fabricante Europeu de Lumin\u00e1rias LED Arquitet\u00f3nicas e Comerciais","publisher":{"@id":"https:\/\/leuk.pt\/de\/#organization"},"potentialAction":[{"@type":"SearchAction","target":{"@type":"EntryPoint","urlTemplate":"https:\/\/leuk.pt\/de\/?s={search_term_string}"},"query-input":{"@type":"PropertyValueSpecification","valueRequired":true,"valueName":"search_term_string"}}],"inLanguage":"de-DE"},{"@type":"Organization","@id":"https:\/\/leuk.pt\/de\/#organization","name":"LEUK","url":"https:\/\/leuk.pt\/de\/","logo":{"@type":"ImageObject","inLanguage":"de-DE","@id":"https:\/\/leuk.pt\/de\/#\/schema\/logo\/image\/","url":"https:\/\/leuk.pt\/wp-content\/uploads\/2026\/03\/leuk-logotipo-500-black.png","contentUrl":"https:\/\/leuk.pt\/wp-content\/uploads\/2026\/03\/leuk-logotipo-500-black.png","width":500,"height":157,"caption":"LEUK"},"image":{"@id":"https:\/\/leuk.pt\/de\/#\/schema\/logo\/image\/"},"sameAs":["https:\/\/www.facebook.com\/leuk.solutions\/","https:\/\/x.com\/LeukSolutions","https:\/\/www.instagram.com\/leuksolutions\/","https:\/\/www.linkedin.com\/company\/leuk\/","https:\/\/www.threads.com\/@leuksolutions"],"email":"info@leuk.pt","telephone":"+351 253 816 433","legalName":"Leuk Solutions Unipessoal","numberOfEmployees":{"@type":"QuantitativeValue","minValue":"11","maxValue":"50"}},{"@type":"Person","@id":"https:\/\/leuk.pt\/de\/#\/schema\/person\/bd120caa544026983e7b4ec7eeb967c9","name":"Ricardo Lopes","url":"https:\/\/leuk.pt\/de\/author\/ricardo-lopes\/"}]}},"_links":{"self":[{"href":"https:\/\/leuk.pt\/de\/wp-json\/wp\/v2\/posts\/993741","targetHints":{"allow":["GET"]}}],"collection":[{"href":"https:\/\/leuk.pt\/de\/wp-json\/wp\/v2\/posts"}],"about":[{"href":"https:\/\/leuk.pt\/de\/wp-json\/wp\/v2\/types\/post"}],"author":[{"embeddable":true,"href":"https:\/\/leuk.pt\/de\/wp-json\/wp\/v2\/users\/5"}],"replies":[{"embeddable":true,"href":"https:\/\/leuk.pt\/de\/wp-json\/wp\/v2\/comments?post=993741"}],"version-history":[{"count":0,"href":"https:\/\/leuk.pt\/de\/wp-json\/wp\/v2\/posts\/993741\/revisions"}],"wp:featuredmedia":[{"embeddable":true,"href":"https:\/\/leuk.pt\/de\/wp-json\/wp\/v2\/media\/987930"}],"wp:attachment":[{"href":"https:\/\/leuk.pt\/de\/wp-json\/wp\/v2\/media?parent=993741"}],"wp:term":[{"taxonomy":"category","embeddable":true,"href":"https:\/\/leuk.pt\/de\/wp-json\/wp\/v2\/categories?post=993741"},{"taxonomy":"post_tag","embeddable":true,"href":"https:\/\/leuk.pt\/de\/wp-json\/wp\/v2\/tags?post=993741"}],"curies":[{"name":"wp","href":"https:\/\/api.w.org\/{rel}","templated":true}]}}